{"id":3059,"date":"2026-09-05T14:40:20","date_gmt":"2026-09-05T14:40:20","guid":{"rendered":"https:\/\/bomuldsfabriken.no\/?post_type=utstilling&#038;p=3059"},"modified":"2026-09-05T14:40:21","modified_gmt":"2026-09-05T14:40:21","slug":"jon-arne-mogstad-med-manen-tidlig-morgen","status":"publish","type":"post","link":"https:\/\/bomuldsfabriken.no\/en\/jon-arne-mogstad-med-manen-tidlig-morgen\/","title":{"rendered":"Jon Arne Mogstad: Med m\u00e5nen tidlig morgen"},"content":{"rendered":"<p class=\"wp-block-paragraph\"><em>Med m\u00e5nen tidlig morgen<\/em><br>Jon Arne Mogstad<\/p>\n\n\n\n<p class=\"wp-block-paragraph\">29. august\u201322. november 2026<br>Bomuldsfabriken Kunsthall<br><br>21. januar\u201311. april 2027<br>KUBE, \u00c5lesund<\/p>\n\n\n\n<p class=\"wp-block-paragraph\"><em>Med m\u00e5nen tidlig morgen<\/em> er&nbsp;en omfattende presentasjon av billedkunstneren Jon Arne Mogstads kunstnerskap. Utstillingen viser malerier fra de siste f\u00f8rti \u00e5rene, fra 1986 og frem til i dag, med hovedvekt p\u00e5 nye arbeider.<em><\/em><\/p>\n\n\n\n<p class=\"wp-block-paragraph\">Mogstad er kjent for sitt eksperimentelle og utforskende forhold til maleriet &#8211; der former, materiale og kontraster i farger skaper et energisk og uttrykksfullt visuelt spr\u00e5k. I utstillingen er det flere hovedverk fra ulike faser av kunstnerskapet som viser spennvidden i de ulike maleriske uttrykkene han har arbeidet med.<\/p>\n\n\n\n<p class=\"wp-block-paragraph\">Utstillingen rommer maleri i store og sm\u00e5 formater samt tegninger. De siste ti \u00e5rene har kunstneren arbeidet mye med motiver fra det n\u00e6re landskapet der han bor i Surnadal p\u00e5 Nordm\u00f8re, blant annet elva, skyer, fjell, tr\u00e6r og islagte vann. Tittelen <em>Med m\u00e5nen tidlig morgen<\/em> er hentet fra ett av maleriene som vises i utstillingen og inng\u00e5r i en serie arbeider der Mogstad har malt utsikten fra balkongen sin. De abstrakte maleriene hans i sterke gule og oransje fargetoner fra slutten av 1980-tallet og tidlig 1990-tall var ogs\u00e5 inspirert av kveldshimlene i Surnadal.<\/p>\n\n\n\n<p class=\"wp-block-paragraph\">Utstillingen som vises ved Bomuldsfabriken Kunsthall i Arendal og senere i KUBE i \u00c5lesund, er f\u00f8rste gang et s\u00e5 bredt utvalg av Mogstads arbeider presenteres samlet.<\/p>\n\n\n\n<p class=\"wp-block-paragraph\"><strong>Jon Arne Mogstad<\/strong> (f. 1950) er utdannet ved Statens h\u00e5ndverks- og kunstindustriskole (1974\u20131978) og Statens kunstakademi (1978\u20131982) i Oslo. Han har hatt separatutstillinger blant annet ved Kunstnerforbundet, Galleri F15, Galleri K, Trondheim kunstmuseum, Kunsthalle Arnstadt i Tyskland og Daugavpils Mark Rothko Art Centre i Latvia og deltatt i en rekke gruppeutstillinger i Norge og internasjonalt. Han har utf\u00f8rt flere store offentlige utsmykninger og er innkj\u00f8pt av blant andre KODE, Kiasma, Jugendstilsenteret og KUBE, Lillehammer Kunstmuseum, Nasjonalmuseet og Oslo kommunes kunstsamlinger. I tillegg til sin lange kunstnerkarriere har Mogstad jobbet som professor ved Kunstakademiet i Trondheim i to perioder (1996-2004) og (2012-2018) og ved Kunsth\u00f8gskolen i Bergen (2004-2011). Han driver i dag kunstsenteret Surnadal Billag.<\/p>\n\n\n\n<p class=\"wp-block-paragraph\"><strong>Kurator: <\/strong>Marie Nerland<\/p>\n\n\n\n<p class=\"wp-block-paragraph\"><em>Utstillingen er st\u00f8ttet av Billedkunstnernes Vederlagsfond, M\u00f8re og Romsdal fylkeskommune og Kulturr\u00e5det.<\/em><br><em>Utstillingen er produsert i samarbeid mellom Bomuldsfabriken Kunsthall, Arendal og Jugendstilsenteret og KUBE, \u00c5lesund.<\/em><\/p>\n\n\n\n<p class=\"wp-block-paragraph\"><\/p>","protected":false},"excerpt":{"rendered":"<p>Med m\u00e5nen tidlig morgenJon Arne Mogstad 29. august\u201322. november 2026Bomuldsfabriken Kunsthall 21. januar\u201311. april 2027KUBE, \u00c5lesund Med m\u00e5nen tidlig morgen er&nbsp;en omfattende presentasjon av billedkunstneren<\/p>","protected":false},"author":9,"featured_media":3028,"comment_status":"closed","ping_status":"closed","sticky":false,"template":"","format":"standard","meta":{"_acf_changed":false,"footnotes":""},"categories":[1],"tags":[],"class_list":["post-3059","post","type-post","status-publish","format-standard","has-post-thumbnail","hentry","category-uncategorized-no"],"acf":[],"yoast_head":"<!-- This site is optimized with the Yoast SEO plugin v28.4 - https:\/\/yoast.com\/product\/yoast-seo-wordpress\/ -->\n<title>Jon Arne Mogstad: Med m\u00e5nen tidlig morgen - Bomuldsfabriken<\/title>\n<meta name=\"robots\" content=\"index, follow, max-snippet:-1, max-image-preview:large, max-video-preview:-1\" \/>\n<link rel=\"canonical\" href=\"https:\/\/bomuldsfabriken.no\/en\/jon-arne-mogstad-med-manen-tidlig-morgen\/\" \/>\n<meta property=\"og:locale\" content=\"en_GB\" \/>\n<meta property=\"og:type\" content=\"article\" \/>\n<meta property=\"og:title\" content=\"Jon Arne Mogstad: Med m\u00e5nen tidlig morgen - Bomuldsfabriken\" \/>\n<meta property=\"og:description\" content=\"Med m\u00e5nen tidlig morgenJon Arne Mogstad 29. august\u201322. november 2026Bomuldsfabriken Kunsthall 21. januar\u201311. april 2027KUBE, \u00c5lesund Med m\u00e5nen tidlig morgen er&nbsp;en omfattende presentasjon av billedkunstneren\" \/>\n<meta property=\"og:url\" content=\"https:\/\/bomuldsfabriken.no\/en\/jon-arne-mogstad-med-manen-tidlig-morgen\/\" \/>\n<meta property=\"og:site_name\" content=\"Bomuldsfabriken\" \/>\n<meta property=\"article:publisher\" content=\"https:\/\/www.facebook.com\/Bomuldsfabriken\/\" \/>\n<meta property=\"article:published_time\" content=\"2026-09-05T14:40:20+00:00\" \/>\n<meta property=\"article:modified_time\" content=\"2026-09-05T14:40:21+00:00\" \/>\n<meta property=\"og:image\" content=\"https:\/\/bomuldsfabriken.no\/wp-content\/uploads\/2026\/08\/JonArneMogstad_Hjemmeside-banner-2000x1250-3-Korrekt.jpg\" \/>\n\t<meta property=\"og:image:width\" content=\"1728\" \/>\n\t<meta property=\"og:image:height\" content=\"1080\" \/>\n\t<meta property=\"og:image:type\" content=\"image\/jpeg\" \/>\n<meta name=\"author\" content=\"Janina Scharnick\" \/>\n<meta name=\"twitter:card\" content=\"summary_large_image\" \/>\n<meta name=\"twitter:creator\" content=\"@bomuldsfabriken\" \/>\n<meta name=\"twitter:site\" content=\"@bomuldsfabriken\" \/>\n<meta name=\"twitter:label1\" content=\"Written by\" \/>\n\t<meta name=\"twitter:data1\" content=\"Janina Scharnick\" \/>\n\t<meta name=\"twitter:label2\" content=\"Estimated reading time\" \/>\n\t<meta name=\"twitter:data2\" content=\"2 minutes\" \/>\n<script type=\"application\/ld+json\" class=\"yoast-schema-graph\">{\"@context\":\"https:\\\/\\\/schema.org\",\"@graph\":[{\"@type\":\"Article\",\"@id\":\"https:\\\/\\\/bomuldsfabriken.no\\\/jon-arne-mogstad-med-manen-tidlig-morgen\\\/#article\",\"isPartOf\":{\"@id\":\"https:\\\/\\\/bomuldsfabriken.no\\\/jon-arne-mogstad-med-manen-tidlig-morgen\\\/\"},\"author\":{\"name\":\"Janina Scharnick\",\"@id\":\"https:\\\/\\\/bomuldsfabriken.no\\\/#\\\/schema\\\/person\\\/85baf96dad55c30d601f2673445808c7\"},\"headline\":\"Jon Arne Mogstad: Med m\u00e5nen tidlig morgen\",\"datePublished\":\"2026-09-05T14:40:20+00:00\",\"dateModified\":\"2026-09-05T14:40:21+00:00\",\"mainEntityOfPage\":{\"@id\":\"https:\\\/\\\/bomuldsfabriken.no\\\/jon-arne-mogstad-med-manen-tidlig-morgen\\\/\"},\"wordCount\":382,\"publisher\":{\"@id\":\"https:\\\/\\\/bomuldsfabriken.no\\\/#organization\"},\"image\":{\"@id\":\"https:\\\/\\\/bomuldsfabriken.no\\\/jon-arne-mogstad-med-manen-tidlig-morgen\\\/#primaryimage\"},\"thumbnailUrl\":\"https:\\\/\\\/bomuldsfabriken.no\\\/wp-content\\\/uploads\\\/2026\\\/08\\\/JonArneMogstad_Hjemmeside-banner-2000x1250-3-Korrekt.jpg\",\"articleSection\":[\"Uncategorized @no\"],\"inLanguage\":\"en-GB\"},{\"@type\":\"WebPage\",\"@id\":\"https:\\\/\\\/bomuldsfabriken.no\\\/jon-arne-mogstad-med-manen-tidlig-morgen\\\/\",\"url\":\"https:\\\/\\\/bomuldsfabriken.no\\\/jon-arne-mogstad-med-manen-tidlig-morgen\\\/\",\"name\":\"Jon Arne Mogstad: Med m\u00e5nen tidlig morgen - Bomuldsfabriken\",\"isPartOf\":{\"@id\":\"https:\\\/\\\/bomuldsfabriken.no\\\/#website\"},\"primaryImageOfPage\":{\"@id\":\"https:\\\/\\\/bomuldsfabriken.no\\\/jon-arne-mogstad-med-manen-tidlig-morgen\\\/#primaryimage\"},\"image\":{\"@id\":\"https:\\\/\\\/bomuldsfabriken.no\\\/jon-arne-mogstad-med-manen-tidlig-morgen\\\/#primaryimage\"},\"thumbnailUrl\":\"https:\\\/\\\/bomuldsfabriken.no\\\/wp-content\\\/uploads\\\/2026\\\/08\\\/JonArneMogstad_Hjemmeside-banner-2000x1250-3-Korrekt.jpg\",\"datePublished\":\"2026-09-05T14:40:20+00:00\",\"dateModified\":\"2026-09-05T14:40:21+00:00\",\"breadcrumb\":{\"@id\":\"https:\\\/\\\/bomuldsfabriken.no\\\/jon-arne-mogstad-med-manen-tidlig-morgen\\\/#breadcrumb\"},\"inLanguage\":\"en-GB\",\"potentialAction\":[{\"@type\":\"ReadAction\",\"target\":[\"https:\\\/\\\/bomuldsfabriken.no\\\/jon-arne-mogstad-med-manen-tidlig-morgen\\\/\"]}]},{\"@type\":\"ImageObject\",\"inLanguage\":\"en-GB\",\"@id\":\"https:\\\/\\\/bomuldsfabriken.no\\\/jon-arne-mogstad-med-manen-tidlig-morgen\\\/#primaryimage\",\"url\":\"https:\\\/\\\/bomuldsfabriken.no\\\/wp-content\\\/uploads\\\/2026\\\/08\\\/JonArneMogstad_Hjemmeside-banner-2000x1250-3-Korrekt.jpg\",\"contentUrl\":\"https:\\\/\\\/bomuldsfabriken.no\\\/wp-content\\\/uploads\\\/2026\\\/08\\\/JonArneMogstad_Hjemmeside-banner-2000x1250-3-Korrekt.jpg\",\"width\":1728,\"height\":1080},{\"@type\":\"BreadcrumbList\",\"@id\":\"https:\\\/\\\/bomuldsfabriken.no\\\/jon-arne-mogstad-med-manen-tidlig-morgen\\\/#breadcrumb\",\"itemListElement\":[{\"@type\":\"ListItem\",\"position\":1,\"name\":\"Home\",\"item\":\"https:\\\/\\\/bomuldsfabriken.no\\\/\"},{\"@type\":\"ListItem\",\"position\":2,\"name\":\"Jon Arne Mogstad: Med m\u00e5nen tidlig morgen\"}]},{\"@type\":\"WebSite\",\"@id\":\"https:\\\/\\\/bomuldsfabriken.no\\\/#website\",\"url\":\"https:\\\/\\\/bomuldsfabriken.no\\\/\",\"name\":\"Bomuldsfabriken\",\"description\":\"Kunsthallen i Arendal \u2013 Bomuldsfabriken\",\"publisher\":{\"@id\":\"https:\\\/\\\/bomuldsfabriken.no\\\/#organization\"},\"potentialAction\":[{\"@type\":\"SearchAction\",\"target\":{\"@type\":\"EntryPoint\",\"urlTemplate\":\"https:\\\/\\\/bomuldsfabriken.no\\\/?s={search_term_string}\"},\"query-input\":{\"@type\":\"PropertyValueSpecification\",\"valueRequired\":true,\"valueName\":\"search_term_string\"}}],\"inLanguage\":\"en-GB\"},{\"@type\":\"Organization\",\"@id\":\"https:\\\/\\\/bomuldsfabriken.no\\\/#organization\",\"name\":\"Bomuldsfabriken\",\"url\":\"https:\\\/\\\/bomuldsfabriken.no\\\/\",\"logo\":{\"@type\":\"ImageObject\",\"inLanguage\":\"en-GB\",\"@id\":\"https:\\\/\\\/bomuldsfabriken.no\\\/#\\\/schema\\\/logo\\\/image\\\/\",\"url\":\"https:\\\/\\\/bomuldsfabriken.no\\\/wp-content\\\/uploads\\\/2025\\\/06\\\/bomlog.svg\",\"contentUrl\":\"https:\\\/\\\/bomuldsfabriken.no\\\/wp-content\\\/uploads\\\/2025\\\/06\\\/bomlog.svg\",\"caption\":\"Bomuldsfabriken\"},\"image\":{\"@id\":\"https:\\\/\\\/bomuldsfabriken.no\\\/#\\\/schema\\\/logo\\\/image\\\/\"},\"sameAs\":[\"https:\\\/\\\/www.facebook.com\\\/Bomuldsfabriken\\\/\",\"https:\\\/\\\/x.com\\\/bomuldsfabriken\",\"https:\\\/\\\/www.instagram.com\\\/bomuldsfabriken\"]},{\"@type\":\"Person\",\"@id\":\"https:\\\/\\\/bomuldsfabriken.no\\\/#\\\/schema\\\/person\\\/85baf96dad55c30d601f2673445808c7\",\"name\":\"Janina Scharnick\",\"image\":{\"@type\":\"ImageObject\",\"inLanguage\":\"en-GB\",\"@id\":\"https:\\\/\\\/secure.gravatar.com\\\/avatar\\\/e800a539bb7275473638c44fdd5b36c11d4e467bb7a0a210898b4db173491f1f?s=96&d=mm&r=g\",\"url\":\"https:\\\/\\\/secure.gravatar.com\\\/avatar\\\/e800a539bb7275473638c44fdd5b36c11d4e467bb7a0a210898b4db173491f1f?s=96&d=mm&r=g\",\"contentUrl\":\"https:\\\/\\\/secure.gravatar.com\\\/avatar\\\/e800a539bb7275473638c44fdd5b36c11d4e467bb7a0a210898b4db173491f1f?s=96&d=mm&r=g\",\"caption\":\"Janina Scharnick\"},\"url\":\"https:\\\/\\\/bomuldsfabriken.no\\\/en\\\/author\\\/janina\\\/\"}]}<\/script>\n<!-- \/ Yoast SEO plugin. -->","yoast_head_json":{"title":"Jon Arne Mogstad: Med m\u00e5nen tidlig morgen - Bomuldsfabriken","robots":{"index":"index","follow":"follow","max-snippet":"max-snippet:-1","max-image-preview":"max-image-preview:large","max-video-preview":"max-video-preview:-1"},"canonical":"https:\/\/bomuldsfabriken.no\/en\/jon-arne-mogstad-med-manen-tidlig-morgen\/","og_locale":"en_GB","og_type":"article","og_title":"Jon Arne Mogstad: Med m\u00e5nen tidlig morgen - Bomuldsfabriken","og_description":"Med m\u00e5nen tidlig morgenJon Arne Mogstad 29. august\u201322. november 2026Bomuldsfabriken Kunsthall 21. januar\u201311. april 2027KUBE, \u00c5lesund Med m\u00e5nen tidlig morgen er&nbsp;en omfattende presentasjon av billedkunstneren","og_url":"https:\/\/bomuldsfabriken.no\/en\/jon-arne-mogstad-med-manen-tidlig-morgen\/","og_site_name":"Bomuldsfabriken","article_publisher":"https:\/\/www.facebook.com\/Bomuldsfabriken\/","article_published_time":"2026-09-05T14:40:20+00:00","article_modified_time":"2026-09-05T14:40:21+00:00","og_image":[{"width":1728,"height":1080,"url":"https:\/\/bomuldsfabriken.no\/wp-content\/uploads\/2026\/08\/JonArneMogstad_Hjemmeside-banner-2000x1250-3-Korrekt.jpg","type":"image\/jpeg"}],"author":"Janina Scharnick","twitter_card":"summary_large_image","twitter_creator":"@bomuldsfabriken","twitter_site":"@bomuldsfabriken","twitter_misc":{"Written by":"Janina Scharnick","Estimated reading time":"2 minutes"},"schema":{"@context":"https:\/\/schema.org","@graph":[{"@type":"Article","@id":"https:\/\/bomuldsfabriken.no\/jon-arne-mogstad-med-manen-tidlig-morgen\/#article","isPartOf":{"@id":"https:\/\/bomuldsfabriken.no\/jon-arne-mogstad-med-manen-tidlig-morgen\/"},"author":{"name":"Janina Scharnick","@id":"https:\/\/bomuldsfabriken.no\/#\/schema\/person\/85baf96dad55c30d601f2673445808c7"},"headline":"Jon Arne Mogstad: Med m\u00e5nen tidlig morgen","datePublished":"2026-09-05T14:40:20+00:00","dateModified":"2026-09-05T14:40:21+00:00","mainEntityOfPage":{"@id":"https:\/\/bomuldsfabriken.no\/jon-arne-mogstad-med-manen-tidlig-morgen\/"},"wordCount":382,"publisher":{"@id":"https:\/\/bomuldsfabriken.no\/#organization"},"image":{"@id":"https:\/\/bomuldsfabriken.no\/jon-arne-mogstad-med-manen-tidlig-morgen\/#primaryimage"},"thumbnailUrl":"https:\/\/bomuldsfabriken.no\/wp-content\/uploads\/2026\/08\/JonArneMogstad_Hjemmeside-banner-2000x1250-3-Korrekt.jpg","articleSection":["Uncategorized @no"],"inLanguage":"en-GB"},{"@type":"WebPage","@id":"https:\/\/bomuldsfabriken.no\/jon-arne-mogstad-med-manen-tidlig-morgen\/","url":"https:\/\/bomuldsfabriken.no\/jon-arne-mogstad-med-manen-tidlig-morgen\/","name":"Jon Arne Mogstad: Med m\u00e5nen tidlig morgen - Bomuldsfabriken","isPartOf":{"@id":"https:\/\/bomuldsfabriken.no\/#website"},"primaryImageOfPage":{"@id":"https:\/\/bomuldsfabriken.no\/jon-arne-mogstad-med-manen-tidlig-morgen\/#primaryimage"},"image":{"@id":"https:\/\/bomuldsfabriken.no\/jon-arne-mogstad-med-manen-tidlig-morgen\/#primaryimage"},"thumbnailUrl":"https:\/\/bomuldsfabriken.no\/wp-content\/uploads\/2026\/08\/JonArneMogstad_Hjemmeside-banner-2000x1250-3-Korrekt.jpg","datePublished":"2026-09-05T14:40:20+00:00","dateModified":"2026-09-05T14:40:21+00:00","breadcrumb":{"@id":"https:\/\/bomuldsfabriken.no\/jon-arne-mogstad-med-manen-tidlig-morgen\/#breadcrumb"},"inLanguage":"en-GB","potentialAction":[{"@type":"ReadAction","target":["https:\/\/bomuldsfabriken.no\/jon-arne-mogstad-med-manen-tidlig-morgen\/"]}]},{"@type":"ImageObject","inLanguage":"en-GB","@id":"https:\/\/bomuldsfabriken.no\/jon-arne-mogstad-med-manen-tidlig-morgen\/#primaryimage","url":"https:\/\/bomuldsfabriken.no\/wp-content\/uploads\/2026\/08\/JonArneMogstad_Hjemmeside-banner-2000x1250-3-Korrekt.jpg","contentUrl":"https:\/\/bomuldsfabriken.no\/wp-content\/uploads\/2026\/08\/JonArneMogstad_Hjemmeside-banner-2000x1250-3-Korrekt.jpg","width":1728,"height":1080},{"@type":"BreadcrumbList","@id":"https:\/\/bomuldsfabriken.no\/jon-arne-mogstad-med-manen-tidlig-morgen\/#breadcrumb","itemListElement":[{"@type":"ListItem","position":1,"name":"Home","item":"https:\/\/bomuldsfabriken.no\/"},{"@type":"ListItem","position":2,"name":"Jon Arne Mogstad: Med m\u00e5nen tidlig morgen"}]},{"@type":"WebSite","@id":"https:\/\/bomuldsfabriken.no\/#website","url":"https:\/\/bomuldsfabriken.no\/","name":"Bomuldsfabriken","description":"Kunsthallen i Arendal \u2013 Bomuldsfabriken","publisher":{"@id":"https:\/\/bomuldsfabriken.no\/#organization"},"potentialAction":[{"@type":"SearchAction","target":{"@type":"EntryPoint","urlTemplate":"https:\/\/bomuldsfabriken.no\/?s={search_term_string}"},"query-input":{"@type":"PropertyValueSpecification","valueRequired":true,"valueName":"search_term_string"}}],"inLanguage":"en-GB"},{"@type":"Organization","@id":"https:\/\/bomuldsfabriken.no\/#organization","name":"Bomuldsfabriken","url":"https:\/\/bomuldsfabriken.no\/","logo":{"@type":"ImageObject","inLanguage":"en-GB","@id":"https:\/\/bomuldsfabriken.no\/#\/schema\/logo\/image\/","url":"https:\/\/bomuldsfabriken.no\/wp-content\/uploads\/2025\/06\/bomlog.svg","contentUrl":"https:\/\/bomuldsfabriken.no\/wp-content\/uploads\/2025\/06\/bomlog.svg","caption":"Bomuldsfabriken"},"image":{"@id":"https:\/\/bomuldsfabriken.no\/#\/schema\/logo\/image\/"},"sameAs":["https:\/\/www.facebook.com\/Bomuldsfabriken\/","https:\/\/x.com\/bomuldsfabriken","https:\/\/www.instagram.com\/bomuldsfabriken"]},{"@type":"Person","@id":"https:\/\/bomuldsfabriken.no\/#\/schema\/person\/85baf96dad55c30d601f2673445808c7","name":"Janina Scharnick","image":{"@type":"ImageObject","inLanguage":"en-GB","@id":"https:\/\/secure.gravatar.com\/avatar\/e800a539bb7275473638c44fdd5b36c11d4e467bb7a0a210898b4db173491f1f?s=96&d=mm&r=g","url":"https:\/\/secure.gravatar.com\/avatar\/e800a539bb7275473638c44fdd5b36c11d4e467bb7a0a210898b4db173491f1f?s=96&d=mm&r=g","contentUrl":"https:\/\/secure.gravatar.com\/avatar\/e800a539bb7275473638c44fdd5b36c11d4e467bb7a0a210898b4db173491f1f?s=96&d=mm&r=g","caption":"Janina Scharnick"},"url":"https:\/\/bomuldsfabriken.no\/en\/author\/janina\/"}]}},"_links":{"self":[{"href":"https:\/\/bomuldsfabriken.no\/en\/wp-json\/wp\/v2\/posts\/3059","targetHints":{"allow":["GET"]}}],"collection":[{"href":"https:\/\/bomuldsfabriken.no\/en\/wp-json\/wp\/v2\/posts"}],"about":[{"href":"https:\/\/bomuldsfabriken.no\/en\/wp-json\/wp\/v2\/types\/post"}],"author":[{"embeddable":true,"href":"https:\/\/bomuldsfabriken.no\/en\/wp-json\/wp\/v2\/users\/9"}],"replies":[{"embeddable":true,"href":"https:\/\/bomuldsfabriken.no\/en\/wp-json\/wp\/v2\/comments?post=3059"}],"version-history":[{"count":1,"href":"https:\/\/bomuldsfabriken.no\/en\/wp-json\/wp\/v2\/posts\/3059\/revisions"}],"predecessor-version":[{"id":3060,"href":"https:\/\/bomuldsfabriken.no\/en\/wp-json\/wp\/v2\/posts\/3059\/revisions\/3060"}],"wp:featuredmedia":[{"embeddable":true,"href":"https:\/\/bomuldsfabriken.no\/en\/wp-json\/wp\/v2\/media\/3028"}],"wp:attachment":[{"href":"https:\/\/bomuldsfabriken.no\/en\/wp-json\/wp\/v2\/media?parent=3059"}],"wp:term":[{"taxonomy":"category","embeddable":true,"href":"https:\/\/bomuldsfabriken.no\/en\/wp-json\/wp\/v2\/categories?post=3059"},{"taxonomy":"post_tag","embeddable":true,"href":"https:\/\/bomuldsfabriken.no\/en\/wp-json\/wp\/v2\/tags?post=3059"}],"curies":[{"name":"wp","href":"https:\/\/api.w.org\/{rel}","templated":true}]}}